{"id":135,"date":"2021-10-01T13:03:02","date_gmt":"2021-10-01T11:03:02","guid":{"rendered":"https:\/\/xn--wrfel-becher-dlb.de\/?p=135"},"modified":"2022-11-16T09:43:48","modified_gmt":"2022-11-16T08:43:48","slug":"holzbecher","status":"publish","type":"post","link":"https:\/\/wuerfel-becher.de\/index.php\/2021\/10\/01\/holzbecher\/","title":{"rendered":"Holzw\u00fcrfelbecher"},"content":{"rendered":"\n<p>Diese Holzw\u00fcrfelbecher besteht aus 100% nat\u00fcrlichem Zedrachbaum-Holz und ist ideal zum Gravieren mit verschiedenen Motiven. Der Holzbecher kann mit fast jedem individuellen Motiv graviert werden. Sie sind perfekt zum Knobeln, ein richtiger Hingucker. <\/p>\n\n\n\n<p>Gr\u00f6\u00dfe: \u00d6ffnung oben ca. 70mm Boden unten ca. 50mm H\u00f6he ca. 85mm bis 90mm. Nach der Gravur mit einem Co2 Laser wird der Holzbecher nach Wunsch mit einem Schutzlack versehen. Beachten Sie Holz ist ein Naturprodukt. Oberfl\u00e4che und Farbe des Holzbechers und der Gravur k\u00f6nnen abweichen.<\/p>\n\n\n\n<p>Hier geht es zu unserem <a href=\"https:\/\/xn--wrfel-becher-dlb.de\/index.php\/produkt\/holzwuerfelbecher\/\">Holzw\u00fcrfelbecher<\/a><\/p>\n\n\n\n<figure class=\"wp-block-image size-full is-resized\"><img data-recalc-dims=\"1\" loading=\"lazy\" decoding=\"async\" src=\"https:\/\/i0.wp.com\/xn--wrfel-becher-dlb.de\/wp-content\/uploads\/2021\/10\/holzbecher2.png?resize=242%2C324&#038;ssl=1\" alt=\"holbechergravur\" class=\"wp-image-1457\" width=\"242\" height=\"324\" srcset=\"https:\/\/i0.wp.com\/wuerfel-becher.de\/wp-content\/uploads\/2021\/10\/holzbecher2.png?w=403&amp;ssl=1 403w, https:\/\/i0.wp.com\/wuerfel-becher.de\/wp-content\/uploads\/2021\/10\/holzbecher2.png?resize=224%2C300&amp;ssl=1 224w, https:\/\/i0.wp.com\/wuerfel-becher.de\/wp-content\/uploads\/2021\/10\/holzbecher2.png?resize=45%2C60&amp;ssl=1 45w, https:\/\/i0.wp.com\/wuerfel-becher.de\/wp-content\/uploads\/2021\/10\/holzbecher2.png?resize=67%2C90&amp;ssl=1 67w\" sizes=\"auto, (max-width: 242px) 100vw, 242px\" \/><\/figure>\n","protected":false},"excerpt":{"rendered":"<p>Diese Holzw\u00fcrfelbecher besteht aus 100% nat\u00fcrlichem Zedrachbaum-Holz und ist ideal zum Gravieren mit verschiedenen Motiven. Der Holzbecher kann mit fast jedem individuellen Motiv graviert werden. Sie sind perfekt zum Knobeln, ein richtiger Hingucker. Gr\u00f6\u00dfe: \u00d6ffnung oben ca. 70mm Boden unten ca. 50mm H\u00f6he ca. 85mm bis 90mm. Nach der Gravur mit einem Co2 Laser wird &hellip; <\/p>\n","protected":false},"author":1,"featured_media":1457,"comment_status":"closed","ping_status":"closed","sticky":false,"template":"","format":"standard","meta":{"_jetpack_memberships_contains_paid_content":false,"footnotes":""},"categories":[18],"tags":[],"class_list":["post-135","post","type-post","status-publish","format-standard","has-post-thumbnail","hentry","category-produkte"],"yoast_head":"<!-- This site is optimized with the Yoast SEO plugin v27.5 - https:\/\/yoast.com\/product\/yoast-seo-wordpress\/ -->\n<title>Holzw\u00fcrfelbecher - W\u00fcrfel-Becher.de<\/title>\n<meta name=\"description\" content=\"Der Holzbecher kann mit fast jedem individuellen Motiv graviert werden. Sie sind perfekt zum Knobeln, ein richtiger Hingucker.\" \/>\n<meta name=\"robots\" content=\"index, follow, max-snippet:-1, max-image-preview:large, max-video-preview:-1\" \/>\n<link rel=\"canonical\" href=\"https:\/\/wuerfel-becher.de\/index.php\/2021\/10\/01\/holzbecher\/\" \/>\n<meta property=\"og:locale\" content=\"de_DE\" \/>\n<meta property=\"og:type\" content=\"article\" \/>\n<meta property=\"og:title\" content=\"Holzw\u00fcrfelbecher - W\u00fcrfel-Becher.de\" \/>\n<meta property=\"og:description\" content=\"Der Holzbecher kann mit fast jedem individuellen Motiv graviert werden. Sie sind perfekt zum Knobeln, ein richtiger Hingucker.\" \/>\n<meta property=\"og:url\" content=\"https:\/\/wuerfel-becher.de\/index.php\/2021\/10\/01\/holzbecher\/\" \/>\n<meta property=\"og:site_name\" content=\"W\u00fcrfel-Becher.de\" \/>\n<meta property=\"article:published_time\" content=\"2021-10-01T11:03:02+00:00\" \/>\n<meta property=\"article:modified_time\" content=\"2022-11-16T08:43:48+00:00\" \/>\n<meta property=\"og:image\" content=\"https:\/\/wuerfel-becher.de\/wp-content\/uploads\/2021\/10\/holzbecher2.png\" \/>\n\t<meta property=\"og:image:width\" content=\"403\" \/>\n\t<meta property=\"og:image:height\" content=\"540\" \/>\n\t<meta property=\"og:image:type\" content=\"image\/png\" \/>\n<meta name=\"author\" content=\"becher\" \/>\n<meta name=\"twitter:card\" content=\"summary_large_image\" \/>\n<meta name=\"twitter:label1\" content=\"Verfasst von\" \/>\n\t<meta name=\"twitter:data1\" content=\"becher\" \/>\n\t<meta name=\"twitter:label2\" content=\"Gesch\u00e4tzte Lesezeit\" \/>\n\t<meta name=\"twitter:data2\" content=\"1\u00a0Minute\" \/>\n<script type=\"application\/ld+json\" class=\"yoast-schema-graph\">{\"@context\":\"https:\\\/\\\/schema.org\",\"@graph\":[{\"@type\":\"Article\",\"@id\":\"https:\\\/\\\/wuerfel-becher.de\\\/index.php\\\/2021\\\/10\\\/01\\\/holzbecher\\\/#article\",\"isPartOf\":{\"@id\":\"https:\\\/\\\/wuerfel-becher.de\\\/index.php\\\/2021\\\/10\\\/01\\\/holzbecher\\\/\"},\"author\":{\"name\":\"becher\",\"@id\":\"https:\\\/\\\/wuerfel-becher.de\\\/#\\\/schema\\\/person\\\/b0bf433cabdd7e0219bac67dcc571154\"},\"headline\":\"Holzw\u00fcrfelbecher\",\"datePublished\":\"2021-10-01T11:03:02+00:00\",\"dateModified\":\"2022-11-16T08:43:48+00:00\",\"mainEntityOfPage\":{\"@id\":\"https:\\\/\\\/wuerfel-becher.de\\\/index.php\\\/2021\\\/10\\\/01\\\/holzbecher\\\/\"},\"wordCount\":93,\"publisher\":{\"@id\":\"https:\\\/\\\/wuerfel-becher.de\\\/#organization\"},\"image\":{\"@id\":\"https:\\\/\\\/wuerfel-becher.de\\\/index.php\\\/2021\\\/10\\\/01\\\/holzbecher\\\/#primaryimage\"},\"thumbnailUrl\":\"https:\\\/\\\/i0.wp.com\\\/wuerfel-becher.de\\\/wp-content\\\/uploads\\\/2021\\\/10\\\/holzbecher2.png?fit=403%2C540&ssl=1\",\"articleSection\":[\"Produkte\"],\"inLanguage\":\"de\"},{\"@type\":\"WebPage\",\"@id\":\"https:\\\/\\\/wuerfel-becher.de\\\/index.php\\\/2021\\\/10\\\/01\\\/holzbecher\\\/\",\"url\":\"https:\\\/\\\/wuerfel-becher.de\\\/index.php\\\/2021\\\/10\\\/01\\\/holzbecher\\\/\",\"name\":\"Holzw\u00fcrfelbecher - W\u00fcrfel-Becher.de\",\"isPartOf\":{\"@id\":\"https:\\\/\\\/wuerfel-becher.de\\\/#website\"},\"primaryImageOfPage\":{\"@id\":\"https:\\\/\\\/wuerfel-becher.de\\\/index.php\\\/2021\\\/10\\\/01\\\/holzbecher\\\/#primaryimage\"},\"image\":{\"@id\":\"https:\\\/\\\/wuerfel-becher.de\\\/index.php\\\/2021\\\/10\\\/01\\\/holzbecher\\\/#primaryimage\"},\"thumbnailUrl\":\"https:\\\/\\\/i0.wp.com\\\/wuerfel-becher.de\\\/wp-content\\\/uploads\\\/2021\\\/10\\\/holzbecher2.png?fit=403%2C540&ssl=1\",\"datePublished\":\"2021-10-01T11:03:02+00:00\",\"dateModified\":\"2022-11-16T08:43:48+00:00\",\"description\":\"Der Holzbecher kann mit fast jedem individuellen Motiv graviert werden. Sie sind perfekt zum Knobeln, ein richtiger Hingucker.\",\"breadcrumb\":{\"@id\":\"https:\\\/\\\/wuerfel-becher.de\\\/index.php\\\/2021\\\/10\\\/01\\\/holzbecher\\\/#breadcrumb\"},\"inLanguage\":\"de\",\"potentialAction\":[{\"@type\":\"ReadAction\",\"target\":[\"https:\\\/\\\/wuerfel-becher.de\\\/index.php\\\/2021\\\/10\\\/01\\\/holzbecher\\\/\"]}]},{\"@type\":\"ImageObject\",\"inLanguage\":\"de\",\"@id\":\"https:\\\/\\\/wuerfel-becher.de\\\/index.php\\\/2021\\\/10\\\/01\\\/holzbecher\\\/#primaryimage\",\"url\":\"https:\\\/\\\/i0.wp.com\\\/wuerfel-becher.de\\\/wp-content\\\/uploads\\\/2021\\\/10\\\/holzbecher2.png?fit=403%2C540&ssl=1\",\"contentUrl\":\"https:\\\/\\\/i0.wp.com\\\/wuerfel-becher.de\\\/wp-content\\\/uploads\\\/2021\\\/10\\\/holzbecher2.png?fit=403%2C540&ssl=1\",\"width\":403,\"height\":540,\"caption\":\"holbechergravur\"},{\"@type\":\"BreadcrumbList\",\"@id\":\"https:\\\/\\\/wuerfel-becher.de\\\/index.php\\\/2021\\\/10\\\/01\\\/holzbecher\\\/#breadcrumb\",\"itemListElement\":[{\"@type\":\"ListItem\",\"position\":1,\"name\":\"Startseite\",\"item\":\"https:\\\/\\\/wuerfel-becher.de\\\/\"},{\"@type\":\"ListItem\",\"position\":2,\"name\":\"Holzw\u00fcrfelbecher\"}]},{\"@type\":\"WebSite\",\"@id\":\"https:\\\/\\\/wuerfel-becher.de\\\/#website\",\"url\":\"https:\\\/\\\/wuerfel-becher.de\\\/\",\"name\":\"W\u00fcrfel-Becher.de\",\"description\":\"\",\"publisher\":{\"@id\":\"https:\\\/\\\/wuerfel-becher.de\\\/#organization\"},\"potentialAction\":[{\"@type\":\"SearchAction\",\"target\":{\"@type\":\"EntryPoint\",\"urlTemplate\":\"https:\\\/\\\/wuerfel-becher.de\\\/?s={search_term_string}\"},\"query-input\":{\"@type\":\"PropertyValueSpecification\",\"valueRequired\":true,\"valueName\":\"search_term_string\"}}],\"inLanguage\":\"de\"},{\"@type\":\"Organization\",\"@id\":\"https:\\\/\\\/wuerfel-becher.de\\\/#organization\",\"name\":\"W\u00fcrfel-Becher.de\",\"url\":\"https:\\\/\\\/wuerfel-becher.de\\\/\",\"logo\":{\"@type\":\"ImageObject\",\"inLanguage\":\"de\",\"@id\":\"https:\\\/\\\/wuerfel-becher.de\\\/#\\\/schema\\\/logo\\\/image\\\/\",\"url\":\"https:\\\/\\\/xn--wrfel-becher-dlb.de\\\/wp-content\\\/uploads\\\/2021\\\/11\\\/becherlogo.png\",\"contentUrl\":\"https:\\\/\\\/xn--wrfel-becher-dlb.de\\\/wp-content\\\/uploads\\\/2021\\\/11\\\/becherlogo.png\",\"width\":418,\"height\":449,\"caption\":\"W\u00fcrfel-Becher.de\"},\"image\":{\"@id\":\"https:\\\/\\\/wuerfel-becher.de\\\/#\\\/schema\\\/logo\\\/image\\\/\"},\"sameAs\":[\"https:\\\/\\\/www.instagram.com\\\/wuerfelbecher_mit_gravur\\\/\"]},{\"@type\":\"Person\",\"@id\":\"https:\\\/\\\/wuerfel-becher.de\\\/#\\\/schema\\\/person\\\/b0bf433cabdd7e0219bac67dcc571154\",\"name\":\"becher\",\"image\":{\"@type\":\"ImageObject\",\"inLanguage\":\"de\",\"@id\":\"https:\\\/\\\/secure.gravatar.com\\\/avatar\\\/bd3db96f363d3ae9047fb09ff805c2cb02c2d2a66fbeb6839147bb1511148321?s=96&d=mm&r=g\",\"url\":\"https:\\\/\\\/secure.gravatar.com\\\/avatar\\\/bd3db96f363d3ae9047fb09ff805c2cb02c2d2a66fbeb6839147bb1511148321?s=96&d=mm&r=g\",\"contentUrl\":\"https:\\\/\\\/secure.gravatar.com\\\/avatar\\\/bd3db96f363d3ae9047fb09ff805c2cb02c2d2a66fbeb6839147bb1511148321?s=96&d=mm&r=g\",\"caption\":\"becher\"},\"sameAs\":[\"http:\\\/\\\/xn--wrfel-becher-dlb.de\"],\"url\":\"https:\\\/\\\/wuerfel-becher.de\\\/index.php\\\/author\\\/becher\\\/\"}]}<\/script>\n<!-- \/ Yoast SEO plugin. -->","yoast_head_json":{"title":"Holzw\u00fcrfelbecher - W\u00fcrfel-Becher.de","description":"Der Holzbecher kann mit fast jedem individuellen Motiv graviert werden. Sie sind perfekt zum Knobeln, ein richtiger Hingucker.","robots":{"index":"index","follow":"follow","max-snippet":"max-snippet:-1","max-image-preview":"max-image-preview:large","max-video-preview":"max-video-preview:-1"},"canonical":"https:\/\/wuerfel-becher.de\/index.php\/2021\/10\/01\/holzbecher\/","og_locale":"de_DE","og_type":"article","og_title":"Holzw\u00fcrfelbecher - W\u00fcrfel-Becher.de","og_description":"Der Holzbecher kann mit fast jedem individuellen Motiv graviert werden. Sie sind perfekt zum Knobeln, ein richtiger Hingucker.","og_url":"https:\/\/wuerfel-becher.de\/index.php\/2021\/10\/01\/holzbecher\/","og_site_name":"W\u00fcrfel-Becher.de","article_published_time":"2021-10-01T11:03:02+00:00","article_modified_time":"2022-11-16T08:43:48+00:00","og_image":[{"width":403,"height":540,"url":"https:\/\/wuerfel-becher.de\/wp-content\/uploads\/2021\/10\/holzbecher2.png","type":"image\/png"}],"author":"becher","twitter_card":"summary_large_image","twitter_misc":{"Verfasst von":"becher","Gesch\u00e4tzte Lesezeit":"1\u00a0Minute"},"schema":{"@context":"https:\/\/schema.org","@graph":[{"@type":"Article","@id":"https:\/\/wuerfel-becher.de\/index.php\/2021\/10\/01\/holzbecher\/#article","isPartOf":{"@id":"https:\/\/wuerfel-becher.de\/index.php\/2021\/10\/01\/holzbecher\/"},"author":{"name":"becher","@id":"https:\/\/wuerfel-becher.de\/#\/schema\/person\/b0bf433cabdd7e0219bac67dcc571154"},"headline":"Holzw\u00fcrfelbecher","datePublished":"2021-10-01T11:03:02+00:00","dateModified":"2022-11-16T08:43:48+00:00","mainEntityOfPage":{"@id":"https:\/\/wuerfel-becher.de\/index.php\/2021\/10\/01\/holzbecher\/"},"wordCount":93,"publisher":{"@id":"https:\/\/wuerfel-becher.de\/#organization"},"image":{"@id":"https:\/\/wuerfel-becher.de\/index.php\/2021\/10\/01\/holzbecher\/#primaryimage"},"thumbnailUrl":"https:\/\/i0.wp.com\/wuerfel-becher.de\/wp-content\/uploads\/2021\/10\/holzbecher2.png?fit=403%2C540&ssl=1","articleSection":["Produkte"],"inLanguage":"de"},{"@type":"WebPage","@id":"https:\/\/wuerfel-becher.de\/index.php\/2021\/10\/01\/holzbecher\/","url":"https:\/\/wuerfel-becher.de\/index.php\/2021\/10\/01\/holzbecher\/","name":"Holzw\u00fcrfelbecher - W\u00fcrfel-Becher.de","isPartOf":{"@id":"https:\/\/wuerfel-becher.de\/#website"},"primaryImageOfPage":{"@id":"https:\/\/wuerfel-becher.de\/index.php\/2021\/10\/01\/holzbecher\/#primaryimage"},"image":{"@id":"https:\/\/wuerfel-becher.de\/index.php\/2021\/10\/01\/holzbecher\/#primaryimage"},"thumbnailUrl":"https:\/\/i0.wp.com\/wuerfel-becher.de\/wp-content\/uploads\/2021\/10\/holzbecher2.png?fit=403%2C540&ssl=1","datePublished":"2021-10-01T11:03:02+00:00","dateModified":"2022-11-16T08:43:48+00:00","description":"Der Holzbecher kann mit fast jedem individuellen Motiv graviert werden. Sie sind perfekt zum Knobeln, ein richtiger Hingucker.","breadcrumb":{"@id":"https:\/\/wuerfel-becher.de\/index.php\/2021\/10\/01\/holzbecher\/#breadcrumb"},"inLanguage":"de","potentialAction":[{"@type":"ReadAction","target":["https:\/\/wuerfel-becher.de\/index.php\/2021\/10\/01\/holzbecher\/"]}]},{"@type":"ImageObject","inLanguage":"de","@id":"https:\/\/wuerfel-becher.de\/index.php\/2021\/10\/01\/holzbecher\/#primaryimage","url":"https:\/\/i0.wp.com\/wuerfel-becher.de\/wp-content\/uploads\/2021\/10\/holzbecher2.png?fit=403%2C540&ssl=1","contentUrl":"https:\/\/i0.wp.com\/wuerfel-becher.de\/wp-content\/uploads\/2021\/10\/holzbecher2.png?fit=403%2C540&ssl=1","width":403,"height":540,"caption":"holbechergravur"},{"@type":"BreadcrumbList","@id":"https:\/\/wuerfel-becher.de\/index.php\/2021\/10\/01\/holzbecher\/#breadcrumb","itemListElement":[{"@type":"ListItem","position":1,"name":"Startseite","item":"https:\/\/wuerfel-becher.de\/"},{"@type":"ListItem","position":2,"name":"Holzw\u00fcrfelbecher"}]},{"@type":"WebSite","@id":"https:\/\/wuerfel-becher.de\/#website","url":"https:\/\/wuerfel-becher.de\/","name":"W\u00fcrfel-Becher.de","description":"","publisher":{"@id":"https:\/\/wuerfel-becher.de\/#organization"},"potentialAction":[{"@type":"SearchAction","target":{"@type":"EntryPoint","urlTemplate":"https:\/\/wuerfel-becher.de\/?s={search_term_string}"},"query-input":{"@type":"PropertyValueSpecification","valueRequired":true,"valueName":"search_term_string"}}],"inLanguage":"de"},{"@type":"Organization","@id":"https:\/\/wuerfel-becher.de\/#organization","name":"W\u00fcrfel-Becher.de","url":"https:\/\/wuerfel-becher.de\/","logo":{"@type":"ImageObject","inLanguage":"de","@id":"https:\/\/wuerfel-becher.de\/#\/schema\/logo\/image\/","url":"https:\/\/xn--wrfel-becher-dlb.de\/wp-content\/uploads\/2021\/11\/becherlogo.png","contentUrl":"https:\/\/xn--wrfel-becher-dlb.de\/wp-content\/uploads\/2021\/11\/becherlogo.png","width":418,"height":449,"caption":"W\u00fcrfel-Becher.de"},"image":{"@id":"https:\/\/wuerfel-becher.de\/#\/schema\/logo\/image\/"},"sameAs":["https:\/\/www.instagram.com\/wuerfelbecher_mit_gravur\/"]},{"@type":"Person","@id":"https:\/\/wuerfel-becher.de\/#\/schema\/person\/b0bf433cabdd7e0219bac67dcc571154","name":"becher","image":{"@type":"ImageObject","inLanguage":"de","@id":"https:\/\/secure.gravatar.com\/avatar\/bd3db96f363d3ae9047fb09ff805c2cb02c2d2a66fbeb6839147bb1511148321?s=96&d=mm&r=g","url":"https:\/\/secure.gravatar.com\/avatar\/bd3db96f363d3ae9047fb09ff805c2cb02c2d2a66fbeb6839147bb1511148321?s=96&d=mm&r=g","contentUrl":"https:\/\/secure.gravatar.com\/avatar\/bd3db96f363d3ae9047fb09ff805c2cb02c2d2a66fbeb6839147bb1511148321?s=96&d=mm&r=g","caption":"becher"},"sameAs":["http:\/\/xn--wrfel-becher-dlb.de"],"url":"https:\/\/wuerfel-becher.de\/index.php\/author\/becher\/"}]}},"jetpack_featured_media_url":"https:\/\/i0.wp.com\/wuerfel-becher.de\/wp-content\/uploads\/2021\/10\/holzbecher2.png?fit=403%2C540&ssl=1","jetpack_sharing_enabled":true,"_links":{"self":[{"href":"https:\/\/wuerfel-becher.de\/index.php\/wp-json\/wp\/v2\/posts\/135","targetHints":{"allow":["GET"]}}],"collection":[{"href":"https:\/\/wuerfel-becher.de\/index.php\/wp-json\/wp\/v2\/posts"}],"about":[{"href":"https:\/\/wuerfel-becher.de\/index.php\/wp-json\/wp\/v2\/types\/post"}],"author":[{"embeddable":true,"href":"https:\/\/wuerfel-becher.de\/index.php\/wp-json\/wp\/v2\/users\/1"}],"replies":[{"embeddable":true,"href":"https:\/\/wuerfel-becher.de\/index.php\/wp-json\/wp\/v2\/comments?post=135"}],"version-history":[{"count":11,"href":"https:\/\/wuerfel-becher.de\/index.php\/wp-json\/wp\/v2\/posts\/135\/revisions"}],"predecessor-version":[{"id":1458,"href":"https:\/\/wuerfel-becher.de\/index.php\/wp-json\/wp\/v2\/posts\/135\/revisions\/1458"}],"wp:featuredmedia":[{"embeddable":true,"href":"https:\/\/wuerfel-becher.de\/index.php\/wp-json\/wp\/v2\/media\/1457"}],"wp:attachment":[{"href":"https:\/\/wuerfel-becher.de\/index.php\/wp-json\/wp\/v2\/media?parent=135"}],"wp:term":[{"taxonomy":"category","embeddable":true,"href":"https:\/\/wuerfel-becher.de\/index.php\/wp-json\/wp\/v2\/categories?post=135"},{"taxonomy":"post_tag","embeddable":true,"href":"https:\/\/wuerfel-becher.de\/index.php\/wp-json\/wp\/v2\/tags?post=135"}],"curies":[{"name":"wp","href":"https:\/\/api.w.org\/{rel}","templated":true}]}}